{"id":964,"date":"2022-05-11T10:38:33","date_gmt":"2022-05-11T13:38:33","guid":{"rendered":"https:\/\/radu.edu.ar\/?p=964"},"modified":"2022-05-13T13:36:44","modified_gmt":"2022-05-13T16:36:44","slug":"encuentro-en-iucs-barcelo-sede-la-rioja","status":"publish","type":"post","link":"https:\/\/radu.edu.ar\/index.php\/2022\/05\/11\/encuentro-en-iucs-barcelo-sede-la-rioja\/","title":{"rendered":"Encuentro en IUCS Barcel\u00f3 &#8211; Sede La Rioja"},"content":{"rendered":"\t\t<div data-elementor-type=\"wp-post\" data-elementor-id=\"964\" class=\"elementor elementor-964\">\n\t\t\t\t\t\t<section class=\"elementor-section elementor-top-section elementor-element elementor-element-e3ec6b0 elementor-section-stretched elementor-section-boxed elementor-section-height-default elementor-section-height-default\" data-id=\"e3ec6b0\" data-element_type=\"section\" data-settings=\"{&quot;stretch_section&quot;:&quot;section-stretched&quot;,&quot;background_background&quot;:&quot;classic&quot;}\">\n\t\t\t\t\t\t<div class=\"elementor-container elementor-column-gap-default\">\n\t\t\t\t\t<div class=\"elementor-column elementor-col-100 elementor-top-column elementor-element elementor-element-411941d\" data-id=\"411941d\" data-element_type=\"column\">\n\t\t\t<div class=\"elementor-widget-wrap elementor-element-populated\">\n\t\t\t\t\t\t<div class=\"elementor-element elementor-element-9f2b0b8 elementor-widget elementor-widget-spacer\" data-id=\"9f2b0b8\" data-element_type=\"widget\" data-widget_type=\"spacer.default\">\n\t\t\t\t<div class=\"elementor-widget-container\">\n\t\t\t\t\t\t\t<div class=\"elementor-spacer\">\n\t\t\t<div class=\"elementor-spacer-inner\"><\/div>\n\t\t<\/div>\n\t\t\t\t\t\t<\/div>\n\t\t\t\t<\/div>\n\t\t\t\t<div class=\"elementor-element elementor-element-d1f8125 elementor-widget elementor-widget-image\" data-id=\"d1f8125\" data-element_type=\"widget\" data-widget_type=\"image.default\">\n\t\t\t\t<div class=\"elementor-widget-container\">\n\t\t\t\t\t\t\t\t\t\t\t\t\t\t\t<img fetchpriority=\"high\" decoding=\"async\" width=\"1024\" height=\"732\" src=\"https:\/\/radu.edu.ar\/wp-content\/uploads\/2022\/05\/DSC_4855-1024x732.jpg\" class=\"attachment-large size-large wp-image-966\" alt=\"encuentro en IUCS Barcel\u00f3\" srcset=\"https:\/\/radu.edu.ar\/wp-content\/uploads\/2022\/05\/DSC_4855-1024x732.jpg 1024w, https:\/\/radu.edu.ar\/wp-content\/uploads\/2022\/05\/DSC_4855-300x214.jpg 300w, https:\/\/radu.edu.ar\/wp-content\/uploads\/2022\/05\/DSC_4855-768x549.jpg 768w, https:\/\/radu.edu.ar\/wp-content\/uploads\/2022\/05\/DSC_4855.jpg 1100w\" sizes=\"(max-width: 1024px) 100vw, 1024px\" \/>\t\t\t\t\t\t\t\t\t\t\t\t\t\t\t<\/div>\n\t\t\t\t<\/div>\n\t\t\t\t<div class=\"elementor-element elementor-element-7f8e9db elementor-widget elementor-widget-text-editor\" data-id=\"7f8e9db\" data-element_type=\"widget\" data-widget_type=\"text-editor.default\">\n\t\t\t\t<div class=\"elementor-widget-container\">\n\t\t\t\t\t\t\t\t\t<h2 style=\"text-align: center;\">ENCUENTRO EN IUCS BARCEL\u00d3 &#8211; SEDE\u00a0 LA RIOJA<\/h2><h2 style=\"text-align: center;\">PRESENTACI\u00d3N DEL LIBRO \u201c15 A\u00d1OS DE LA RADU\u201d<\/h2><p>\u00a0<\/p><p>Con motivo de la presentaci\u00f3n del Libro \u201c15 a\u00f1os de la RADU\u201d, el\u00a0 mi\u00e9rcoles 27 de abril, la Comisi\u00f3n Directiva de la RADU, viaj\u00f3 a la Sede La Rioja del Instituto en Ciencias de la Salud, Fundaci\u00f3n H\u00e9ctor Barcel\u00f3. El acto estuvo presidido por el Sr Presidente de la Red, y Rector de la Universidad del Aconcagua, Dr. Osvaldo Caballero el que fue recibido por el Vicerrector, Lic. Axel Barcel\u00f3 y por autoridades locales. Formaron parte de la comitiva el Sr. Rector de la Universidad de Mendoza, Dr. Eduardo Luna; el Sr. Vicerrector de la Universidad Cat\u00f3lica de Cuyo, Dr. Pbtro. Jos\u00e9 Juan Garc\u00eda; el Dr. Francisco Muscar\u00e1, Director de la Maestr\u00eda en Gesti\u00f3n de la Educaci\u00f3n Superior y la Sra. Secretaria Ejecutiva de la RADU, Mgt. Marit\u00e9 Gibbs.<\/p><p>Cabe destacar que la Red Andina de Universidades, nace en el 2005, como una asociaci\u00f3n de instituciones de nivel superior. Integrada por cinco Universidades de gesti\u00f3n privada del \u201cNuevo Cuyo\u201d -Universidad Cat\u00f3lica de Cuyo, Universidad Juan Agust\u00edn Maza, Universidad de Mendoza, Universidad del Aconcagua e Instituto Universitario de Ciencias de la Salud Fundaci\u00f3n Barcel\u00f3-.La RADU se proyecta as\u00ed al mundo para dar cumplimiento a sus objetivos fundacionales. Y desde ese lugar surge el proyecto de recuperar y mantener la memoria de los hechos, y acontecimientos vividos durante estos primeros 15 j\u00f3venes a\u00f1os.<\/p><p>La presentaci\u00f3n del libro estuvo, a cargo del Dr. Francisco Muscar\u00e1. Participaron de la misma, autoridades educativas y gubernamentales del medio. El Sr. Presidente de la RADU Dr. Osvaldo Caballero pronunci\u00f3 unas palabras de agradecimiento e hizo entrega de un presente al Sr Vicerrector Lic. Axel Barcel\u00f3. en reconocimiento a su participaci\u00f3n como Instituci\u00f3n Fundadora de la Red.<\/p><p>El libro de los 15 a\u00f1os de la RADU describe entre sus p\u00e1ginas las acciones m\u00e1s significativas realizadas por la red, narradas a trav\u00e9s de la experiencia y testimonio de sus protagonistas, que con esfuerzo y trabajo hicieron camino.<\/p><p>Cabe destacar que con motivo del encuentro se realiz\u00f3 una reuni\u00f3n de Comisi\u00f3n Directiva en la que se proyectaron, hacia el futuro cercano, el trabajo conjunto de creaci\u00f3n de un Ciclo de Diplomaturas relacionado con la producci\u00f3n, elaboraci\u00f3n, servicios y promoci\u00f3n de productos regionales.<\/p><p>En la oportunidad, se inaugur\u00f3 tambi\u00e9n el M\u00f3dulo \u00c1ulico del IUCS Fundaci\u00f3n Barcel\u00f3, ubicado dentro del predio de la Universidad, completando as\u00ed un esquema de herradura planteado en el proyecto global de dise\u00f1o de la Sede. El mismo cuenta con todas las comodidades para el dictado de clases.<\/p><p>El encuentro se destac\u00f3 por la calidez y entusiasmo afianzando los lazos que iniciados en el 2005.<\/p>\t\t\t\t\t\t\t\t<\/div>\n\t\t\t\t<\/div>\n\t\t\t\t<section class=\"elementor-section elementor-inner-section elementor-element elementor-element-ad0b217 elementor-section-content-middle elementor-section-boxed elementor-section-height-default elementor-section-height-default\" data-id=\"ad0b217\" data-element_type=\"section\">\n\t\t\t\t\t\t<div class=\"elementor-container elementor-column-gap-default\">\n\t\t\t\t\t<div class=\"elementor-column elementor-col-33 elementor-inner-column elementor-element elementor-element-ae78230\" data-id=\"ae78230\" data-element_type=\"column\">\n\t\t\t<div class=\"elementor-widget-wrap elementor-element-populated\">\n\t\t\t\t\t\t<div class=\"elementor-element elementor-element-21e737b elementor-widget elementor-widget-image\" data-id=\"21e737b\" data-element_type=\"widget\" data-widget_type=\"image.default\">\n\t\t\t\t<div class=\"elementor-widget-container\">\n\t\t\t\t\t\t\t\t\t\t\t\t\t\t\t<img decoding=\"async\" width=\"200\" height=\"300\" src=\"https:\/\/radu.edu.ar\/wp-content\/uploads\/2022\/05\/Rector-200x300.jpg\" class=\"attachment-medium size-medium wp-image-969\" alt=\"\" srcset=\"https:\/\/radu.edu.ar\/wp-content\/uploads\/2022\/05\/Rector-200x300.jpg 200w, https:\/\/radu.edu.ar\/wp-content\/uploads\/2022\/05\/Rector.jpg 600w\" sizes=\"(max-width: 200px) 100vw, 200px\" \/>\t\t\t\t\t\t\t\t\t\t\t\t\t\t\t<\/div>\n\t\t\t\t<\/div>\n\t\t\t\t\t<\/div>\n\t\t<\/div>\n\t\t\t\t<div class=\"elementor-column elementor-col-33 elementor-inner-column elementor-element elementor-element-5a39e82\" data-id=\"5a39e82\" data-element_type=\"column\">\n\t\t\t<div class=\"elementor-widget-wrap elementor-element-populated\">\n\t\t\t\t\t\t<div class=\"elementor-element elementor-element-12d1d51 elementor-widget elementor-widget-image\" data-id=\"12d1d51\" data-element_type=\"widget\" data-widget_type=\"image.default\">\n\t\t\t\t<div class=\"elementor-widget-container\">\n\t\t\t\t\t\t\t\t\t\t\t\t\t\t\t<img decoding=\"async\" width=\"300\" height=\"231\" src=\"https:\/\/radu.edu.ar\/wp-content\/uploads\/2022\/05\/foto2-300x231.png\" class=\"attachment-medium size-medium wp-image-975\" alt=\"\" srcset=\"https:\/\/radu.edu.ar\/wp-content\/uploads\/2022\/05\/foto2-300x231.png 300w, https:\/\/radu.edu.ar\/wp-content\/uploads\/2022\/05\/foto2.png 724w\" sizes=\"(max-width: 300px) 100vw, 300px\" \/>\t\t\t\t\t\t\t\t\t\t\t\t\t\t\t<\/div>\n\t\t\t\t<\/div>\n\t\t\t\t\t<\/div>\n\t\t<\/div>\n\t\t\t\t<div class=\"elementor-column elementor-col-33 elementor-inner-column elementor-element elementor-element-cd3a6c2\" data-id=\"cd3a6c2\" data-element_type=\"column\">\n\t\t\t<div class=\"elementor-widget-wrap elementor-element-populated\">\n\t\t\t\t\t\t<div class=\"elementor-element elementor-element-9b3a3e8 elementor-widget elementor-widget-image\" data-id=\"9b3a3e8\" data-element_type=\"widget\" data-widget_type=\"image.default\">\n\t\t\t\t<div class=\"elementor-widget-container\">\n\t\t\t\t\t\t\t\t\t\t\t\t\t\t\t<img loading=\"lazy\" decoding=\"async\" width=\"216\" height=\"300\" src=\"https:\/\/radu.edu.ar\/wp-content\/uploads\/2022\/05\/foto-216x300.png\" class=\"attachment-medium size-medium wp-image-973\" alt=\"\" srcset=\"https:\/\/radu.edu.ar\/wp-content\/uploads\/2022\/05\/foto-216x300.png 216w, https:\/\/radu.edu.ar\/wp-content\/uploads\/2022\/05\/foto.png 574w\" sizes=\"(max-width: 216px) 100vw, 216px\" \/>\t\t\t\t\t\t\t\t\t\t\t\t\t\t\t<\/div>\n\t\t\t\t<\/div>\n\t\t\t\t\t<\/div>\n\t\t<\/div>\n\t\t\t\t\t<\/div>\n\t\t<\/section>\n\t\t\t\t\t<\/div>\n\t\t<\/div>\n\t\t\t\t\t<\/div>\n\t\t<\/section>\n\t\t\t\t<\/div>\n\t\t","protected":false},"excerpt":{"rendered":"<p>ENCUENTRO EN IUCS BARCEL\u00d3 &#8211; SEDE\u00a0 LA RIOJA PRESENTACI\u00d3N DEL LIBRO \u201c15 A\u00d1OS DE LA RADU\u201d \u00a0 Con motivo de la presentaci\u00f3n del Libro \u201c15 a\u00f1os de la RADU\u201d, el\u00a0 mi\u00e9rcoles 27 de abril, la Comisi\u00f3n Directiva de la RADU, viaj\u00f3 a la Sede La Rioja del Instituto en Ciencias de la Salud, Fundaci\u00f3n H\u00e9ctor &#8230; <a title=\"Encuentro en IUCS Barcel\u00f3 &#8211; Sede La Rioja\" class=\"read-more\" href=\"https:\/\/radu.edu.ar\/index.php\/2022\/05\/11\/encuentro-en-iucs-barcelo-sede-la-rioja\/\" aria-label=\"M\u00e1s en Encuentro en IUCS Barcel\u00f3 &#8211; Sede La Rioja\">Leer m\u00e1s<\/a><\/p>\n","protected":false},"author":1,"featured_media":966,"comment_status":"open","ping_status":"open","sticky":false,"template":"elementor_header_footer","format":"standard","meta":{"footnotes":""},"categories":[1],"tags":[],"class_list":["post-964","post","type-post","status-publish","format-standard","has-post-thumbnail","hentry","category-sin-categoria"],"_links":{"self":[{"href":"https:\/\/radu.edu.ar\/index.php\/wp-json\/wp\/v2\/posts\/964"}],"collection":[{"href":"https:\/\/radu.edu.ar\/index.php\/wp-json\/wp\/v2\/posts"}],"about":[{"href":"https:\/\/radu.edu.ar\/index.php\/wp-json\/wp\/v2\/types\/post"}],"author":[{"embeddable":true,"href":"https:\/\/radu.edu.ar\/index.php\/wp-json\/wp\/v2\/users\/1"}],"replies":[{"embeddable":true,"href":"https:\/\/radu.edu.ar\/index.php\/wp-json\/wp\/v2\/comments?post=964"}],"version-history":[{"count":7,"href":"https:\/\/radu.edu.ar\/index.php\/wp-json\/wp\/v2\/posts\/964\/revisions"}],"predecessor-version":[{"id":978,"href":"https:\/\/radu.edu.ar\/index.php\/wp-json\/wp\/v2\/posts\/964\/revisions\/978"}],"wp:featuredmedia":[{"embeddable":true,"href":"https:\/\/radu.edu.ar\/index.php\/wp-json\/wp\/v2\/media\/966"}],"wp:attachment":[{"href":"https:\/\/radu.edu.ar\/index.php\/wp-json\/wp\/v2\/media?parent=964"}],"wp:term":[{"taxonomy":"category","embeddable":true,"href":"https:\/\/radu.edu.ar\/index.php\/wp-json\/wp\/v2\/categories?post=964"},{"taxonomy":"post_tag","embeddable":true,"href":"https:\/\/radu.edu.ar\/index.php\/wp-json\/wp\/v2\/tags?post=964"}],"curies":[{"name":"wp","href":"https:\/\/api.w.org\/{rel}","templated":true}]}}