{"id":2712,"date":"2026-09-01T16:15:47","date_gmt":"2026-09-01T19:15:47","guid":{"rendered":"https:\/\/radu.edu.ar\/?p=2712"},"modified":"2026-09-01T16:44:44","modified_gmt":"2026-09-01T19:44:44","slug":"primera-capacitacion-para-extensionistas","status":"publish","type":"post","link":"https:\/\/radu.edu.ar\/index.php\/2026\/09\/01\/primera-capacitacion-para-extensionistas\/","title":{"rendered":"Primera Capacitaci\u00f3n para Extensionistas"},"content":{"rendered":"\n<p>La Red Andina de Universidades (RADU) invita a participar de su <strong>Primera capacitaci\u00f3n para extensionistas<\/strong>, una propuesta de formaci\u00f3n e intercambio que se realizar\u00e1 el jueves 10 de septiembre, bajo modalidad bimodal.<\/p>\n\n\n\n<p>La actividad tendr\u00e1 lugar <strong>de 10 a 12 h<\/strong>, con participaci\u00f3n presencial en la <strong>Universidad Juan Agust\u00edn Maza<\/strong> y la posibilidad de sumarse de manera virtual.<\/p>\n\n\n\n<p>La capacitaci\u00f3n est\u00e1 destinada a integrantes de las universidades que forman parte de la RADU y propone un espacio de encuentro y formaci\u00f3n sobre el trabajo extensionista.<\/p>\n\n\n\n<h3 class=\"wp-block-heading\"><strong>Inscripciones<\/strong><\/h3>\n\n\n\n<p>Para participar, es necesario completar el siguiente formulario:<\/p>\n\n\n\n<p><a href=\"https:\/\/docs.google.com\/forms\/d\/e\/1FAIpQLSdreNBzitFMKlknCzAJYFaYKBpa_s2QhiqSJrHFS5F16gYVAQ\/viewform\" data-type=\"link\" data-id=\"https:\/\/docs.google.com\/forms\/d\/e\/1FAIpQLSdreNBzitFMKlknCzAJYFaYKBpa_s2QhiqSJrHFS5F16gYVAQ\/viewform\">Formulario de inscripci\u00f3n<\/a><\/p>\n\n\n\n<p><\/p>\n","protected":false},"excerpt":{"rendered":"<p>La Red Andina de Universidades (RADU) invita a participar de su Primera capacitaci\u00f3n para extensionistas, una propuesta de formaci\u00f3n e intercambio que se realizar\u00e1 el jueves 10 de septiembre, bajo modalidad bimodal. La actividad tendr\u00e1 lugar de 10 a 12 h, con participaci\u00f3n presencial en la Universidad Juan Agust\u00edn Maza y la posibilidad de sumarse &#8230; <a title=\"Primera Capacitaci\u00f3n para Extensionistas\" class=\"read-more\" href=\"https:\/\/radu.edu.ar\/index.php\/2026\/09\/01\/primera-capacitacion-para-extensionistas\/\" aria-label=\"M\u00e1s en Primera Capacitaci\u00f3n para Extensionistas\">Leer m\u00e1s<\/a><\/p>\n","protected":false},"author":6,"featured_media":2717,"comment_status":"closed","ping_status":"closed","sticky":false,"template":"","format":"standard","meta":{"footnotes":""},"categories":[1],"tags":[36,14,6,17],"class_list":["post-2712","post","type-post","status-publish","format-standard","has-post-thumbnail","hentry","category-sin-categoria","tag-capacitacion","tag-extension-universitaria","tag-red-andina-de-universidades","tag-universidad-maza"],"_links":{"self":[{"href":"https:\/\/radu.edu.ar\/index.php\/wp-json\/wp\/v2\/posts\/2712"}],"collection":[{"href":"https:\/\/radu.edu.ar\/index.php\/wp-json\/wp\/v2\/posts"}],"about":[{"href":"https:\/\/radu.edu.ar\/index.php\/wp-json\/wp\/v2\/types\/post"}],"author":[{"embeddable":true,"href":"https:\/\/radu.edu.ar\/index.php\/wp-json\/wp\/v2\/users\/6"}],"replies":[{"embeddable":true,"href":"https:\/\/radu.edu.ar\/index.php\/wp-json\/wp\/v2\/comments?post=2712"}],"version-history":[{"count":3,"href":"https:\/\/radu.edu.ar\/index.php\/wp-json\/wp\/v2\/posts\/2712\/revisions"}],"predecessor-version":[{"id":2725,"href":"https:\/\/radu.edu.ar\/index.php\/wp-json\/wp\/v2\/posts\/2712\/revisions\/2725"}],"wp:featuredmedia":[{"embeddable":true,"href":"https:\/\/radu.edu.ar\/index.php\/wp-json\/wp\/v2\/media\/2717"}],"wp:attachment":[{"href":"https:\/\/radu.edu.ar\/index.php\/wp-json\/wp\/v2\/media?parent=2712"}],"wp:term":[{"taxonomy":"category","embeddable":true,"href":"https:\/\/radu.edu.ar\/index.php\/wp-json\/wp\/v2\/categories?post=2712"},{"taxonomy":"post_tag","embeddable":true,"href":"https:\/\/radu.edu.ar\/index.php\/wp-json\/wp\/v2\/tags?post=2712"}],"curies":[{"name":"wp","href":"https:\/\/api.w.org\/{rel}","templated":true}]}}