{"id":2418,"date":"2026-03-13T09:25:55","date_gmt":"2026-03-13T12:25:55","guid":{"rendered":"https:\/\/radu.edu.ar\/?p=2418"},"modified":"2026-03-13T09:40:42","modified_gmt":"2026-03-13T12:40:42","slug":"la-uccuyo-san-luis-fue-sede-de-la-53-reunion-del-consejo-directivo-de-la-radu","status":"publish","type":"post","link":"https:\/\/radu.edu.ar\/index.php\/2026\/03\/13\/la-uccuyo-san-luis-fue-sede-de-la-53-reunion-del-consejo-directivo-de-la-radu\/","title":{"rendered":"La UCCuyo San Luis fue sede de la 53\u00b0 Reuni\u00f3n del Consejo Directivo de la RADU"},"content":{"rendered":"\t\t<div data-elementor-type=\"wp-post\" data-elementor-id=\"2418\" class=\"elementor elementor-2418\">\n\t\t\t\t\t\t<section class=\"elementor-section elementor-top-section elementor-element elementor-element-474d4f9e elementor-section-boxed elementor-section-height-default elementor-section-height-default\" data-id=\"474d4f9e\" data-element_type=\"section\">\n\t\t\t\t\t\t<div class=\"elementor-container elementor-column-gap-default\">\n\t\t\t\t\t<div class=\"elementor-column elementor-col-100 elementor-top-column elementor-element elementor-element-7b470a73\" data-id=\"7b470a73\" data-element_type=\"column\">\n\t\t\t<div class=\"elementor-widget-wrap elementor-element-populated\">\n\t\t\t\t\t\t<div class=\"elementor-element elementor-element-58b321fb elementor-widget elementor-widget-text-editor\" data-id=\"58b321fb\" data-element_type=\"widget\" data-widget_type=\"text-editor.default\">\n\t\t\t\t<div class=\"elementor-widget-container\">\n\t\t\t\t\t\t\t\t\t\n<p>La Universidad Cat\u00f3lica de Cuyo Sede San Luis fue sede de la 53\u00b0 Reuni\u00f3n del Consejo Directivo de la Red Andina de Universidades, un encuentro que reuni\u00f3 a autoridades de las distintas instituciones que integran esta red acad\u00e9mica regional.<\/p>\n\n\n\n<p>Durante la jornada, rectores y representantes de las universidades miembros compartieron un espacio de trabajo e intercambio en el que se analizaron distintos desaf\u00edos de la educaci\u00f3n superior y se destac\u00f3 la importancia del trabajo articulado entre las instituciones.<\/p>\n\n\n\n<p>En la ocasi\u00f3n, se presentaron avances en proyectos de investigaci\u00f3n, extensi\u00f3n y cooperaci\u00f3n acad\u00e9mica que impulsa la red, entre ellos la organizaci\u00f3n del 5\u00ba\u00b0 Encuentro de Investigadores y 1\u00b0 Encuentro de Extensi\u00f3n y Transferencia de la RADU, previsto para este a\u00f1o. Adem\u00e1s, iniciativas vinculadas a la movilidad estudiantil y docente y a programas de formaci\u00f3n conjunta entre las universidades.<\/p>\n\n\n\n<p><\/p>\n\n\n\n<p>Las autoridades tambi\u00e9n realizaron una recorrida por el campus de la sede San Luis, donde conocieron distintos espacios vinculados a la formaci\u00f3n pr\u00e1ctica y a la vida universitaria. Entre ellos, visitaron el Hospital de Grandes Animales y el Hospital de Peque\u00f1os Animales, la Sala de Simulaci\u00f3n de Juicios, el Departamento de Alumnos y el estudio de streaming de la universidad.<\/p>\n\n\n\n<p>La realizaci\u00f3n de este encuentro la sede San Luis reafirma el compromiso de la Universidad Cat\u00f3lica de Cuyo con el fortalecimiento de los v\u00ednculos interuniversitarios y con la construcci\u00f3n de espacios de cooperaci\u00f3n que impulsen el desarrollo acad\u00e9mico y profesional de los estudiantes.<\/p>\n\n\n\n<p>Al finalizar la jornada, se defini\u00f3 que la pr\u00f3xima reuni\u00f3n del Consejo Directivo de la RADU se realizar\u00e1 en la provincia de La Rioja.<\/p>\n\n\n\n<p><\/p>\n\t\t\t\t\t\t\t\t<\/div>\n\t\t\t\t<\/div>\n\t\t\t\t\t<\/div>\n\t\t<\/div>\n\t\t\t\t\t<\/div>\n\t\t<\/section>\n\t\t\t\t<section class=\"elementor-section elementor-top-section elementor-element elementor-element-6296aab elementor-section-boxed elementor-section-height-default elementor-section-height-default\" data-id=\"6296aab\" data-element_type=\"section\">\n\t\t\t\t\t\t<div class=\"elementor-container elementor-column-gap-default\">\n\t\t\t\t\t<div class=\"elementor-column elementor-col-100 elementor-top-column elementor-element elementor-element-77beeb0\" data-id=\"77beeb0\" data-element_type=\"column\">\n\t\t\t<div class=\"elementor-widget-wrap elementor-element-populated\">\n\t\t\t\t\t\t<div class=\"elementor-element elementor-element-22caf4e elementor-widget elementor-widget-video\" data-id=\"22caf4e\" data-element_type=\"widget\" data-settings=\"{&quot;video_type&quot;:&quot;hosted&quot;,&quot;controls&quot;:&quot;yes&quot;}\" data-widget_type=\"video.default\">\n\t\t\t\t<div class=\"elementor-widget-container\">\n\t\t\t\t\t\t\t<div class=\"e-hosted-video elementor-wrapper elementor-open-inline\">\n\t\t\t\t\t<video class=\"elementor-video\" src=\"https:\/\/radu.edu.ar\/wp-content\/uploads\/2026\/03\/\ud83d\udc49\ud83c\udffb-La-UCCuyo-San-Luis-fue-sede-de-la-reunion-de-la-RADU\u2705-La-Universidad-Catolica-de-Cuyo-\u2013-Sed.mp4\" controls=\"\" preload=\"metadata\" controlsList=\"nodownload\"><\/video>\n\t\t\t\t<\/div>\n\t\t\t\t\t\t<\/div>\n\t\t\t\t<\/div>\n\t\t\t\t\t<\/div>\n\t\t<\/div>\n\t\t\t\t\t<\/div>\n\t\t<\/section>\n\t\t\t\t<section class=\"elementor-section elementor-top-section elementor-element elementor-element-b02f0c8 elementor-section-boxed elementor-section-height-default elementor-section-height-default\" data-id=\"b02f0c8\" data-element_type=\"section\">\n\t\t\t\t\t\t<div class=\"elementor-container elementor-column-gap-default\">\n\t\t\t\t\t<div class=\"elementor-column elementor-col-100 elementor-top-column elementor-element elementor-element-4b83435\" data-id=\"4b83435\" data-element_type=\"column\">\n\t\t\t<div class=\"elementor-widget-wrap elementor-element-populated\">\n\t\t\t\t\t\t<div class=\"elementor-element elementor-element-8f3c3c5 elementor-widget elementor-widget-text-editor\" data-id=\"8f3c3c5\" data-element_type=\"widget\" data-widget_type=\"text-editor.default\">\n\t\t\t\t<div class=\"elementor-widget-container\">\n\t\t\t\t\t\t\t\t\t<p><span style=\"color: #000000;\">Fuente: <span style=\"text-decoration: underline;\"><a style=\"color: #000000; text-decoration: underline;\" href=\"https:\/\/www.instagram.com\/reel\/DVzSZWfDOal\/?igsh=dWN6N251YW54cnQ3\"><span class=\"x1lliihq x1plvlek xryxfnj x1n2onr6 xyejjpt x15dsfln x193iq5w xeuugli x1fj9vlw x13faqbe x1vvkbs x1s928wv xhkezso x1gmr53x x1cpjm7i x1fgarty x1943h6x x1i0vuye xvs91rp xo1l8bm x5n08af x10wh9bi xpm28yp x8viiok x1o7cslx\" dir=\"auto\">Universidad Cat\u00f3lica de Cuyo Sede San Luis<\/span><\/a><\/span><\/span><\/p>\t\t\t\t\t\t\t\t<\/div>\n\t\t\t\t<\/div>\n\t\t\t\t\t<\/div>\n\t\t<\/div>\n\t\t\t\t\t<\/div>\n\t\t<\/section>\n\t\t\t\t<\/div>\n\t\t","protected":false},"excerpt":{"rendered":"<p>La Universidad Cat\u00f3lica de Cuyo Sede San Luis fue sede de la 53\u00b0 Reuni\u00f3n del Consejo Directivo de la Red Andina de Universidades, un encuentro que reuni\u00f3 a autoridades de las distintas instituciones que integran esta red acad\u00e9mica regional. Durante la jornada, rectores y representantes de las universidades miembros compartieron un espacio de trabajo e &#8230; <a title=\"La UCCuyo San Luis fue sede de la 53\u00b0 Reuni\u00f3n del Consejo Directivo de la RADU\" class=\"read-more\" href=\"https:\/\/radu.edu.ar\/index.php\/2026\/03\/13\/la-uccuyo-san-luis-fue-sede-de-la-53-reunion-del-consejo-directivo-de-la-radu\/\" aria-label=\"M\u00e1s en La UCCuyo San Luis fue sede de la 53\u00b0 Reuni\u00f3n del Consejo Directivo de la RADU\">Leer m\u00e1s<\/a><\/p>\n","protected":false},"author":6,"featured_media":2419,"comment_status":"closed","ping_status":"closed","sticky":false,"template":"","format":"standard","meta":{"footnotes":""},"categories":[1],"tags":[27,28,29],"class_list":["post-2418","post","type-post","status-publish","format-standard","has-post-thumbnail","hentry","category-sin-categoria","tag-consejo-directivo","tag-radu","tag-san-luis"],"_links":{"self":[{"href":"https:\/\/radu.edu.ar\/index.php\/wp-json\/wp\/v2\/posts\/2418"}],"collection":[{"href":"https:\/\/radu.edu.ar\/index.php\/wp-json\/wp\/v2\/posts"}],"about":[{"href":"https:\/\/radu.edu.ar\/index.php\/wp-json\/wp\/v2\/types\/post"}],"author":[{"embeddable":true,"href":"https:\/\/radu.edu.ar\/index.php\/wp-json\/wp\/v2\/users\/6"}],"replies":[{"embeddable":true,"href":"https:\/\/radu.edu.ar\/index.php\/wp-json\/wp\/v2\/comments?post=2418"}],"version-history":[{"count":7,"href":"https:\/\/radu.edu.ar\/index.php\/wp-json\/wp\/v2\/posts\/2418\/revisions"}],"predecessor-version":[{"id":2430,"href":"https:\/\/radu.edu.ar\/index.php\/wp-json\/wp\/v2\/posts\/2418\/revisions\/2430"}],"wp:featuredmedia":[{"embeddable":true,"href":"https:\/\/radu.edu.ar\/index.php\/wp-json\/wp\/v2\/media\/2419"}],"wp:attachment":[{"href":"https:\/\/radu.edu.ar\/index.php\/wp-json\/wp\/v2\/media?parent=2418"}],"wp:term":[{"taxonomy":"category","embeddable":true,"href":"https:\/\/radu.edu.ar\/index.php\/wp-json\/wp\/v2\/categories?post=2418"},{"taxonomy":"post_tag","embeddable":true,"href":"https:\/\/radu.edu.ar\/index.php\/wp-json\/wp\/v2\/tags?post=2418"}],"curies":[{"name":"wp","href":"https:\/\/api.w.org\/{rel}","templated":true}]}}